{"id":840,"date":"2023-05-03T09:30:52","date_gmt":"2023-05-03T07:30:52","guid":{"rendered":"https:\/\/club-presse-valdeloire.fr\/?p=840"},"modified":"2023-11-28T10:13:16","modified_gmt":"2023-11-28T09:13:16","slug":"detours-des-sciences-un-partenariat-renouvele-pour-la-3e-edition-avec-le-club-de-la-presse-val-de-loire","status":"publish","type":"post","link":"https:\/\/club-presse-valdeloire.fr\/index.php\/2023\/05\/03\/detours-des-sciences-un-partenariat-renouvele-pour-la-3e-edition-avec-le-club-de-la-presse-val-de-loire\/","title":{"rendered":"D\u00e9Tours des sciences, un partenariat renouvel\u00e9 avec le Club pour la 3e \u00e9dition"},"content":{"rendered":"<p style=\"font-weight: 400; text-align: left;\">Le 31 mars dernier s\u2019est tenue la troisi\u00e8me \u00e9dition de D\u00e9Tours des Sciences, abordant la th\u00e9matique de l\u2019intelligence artificielle, en s\u2019int\u00e9ressant notamment aux questions li\u00e9es \u00e0 la sant\u00e9 et \u00e0 l\u2019environnement. Apr\u00e8s une journ\u00e9e avec les scolaires, la soir\u00e9e \u00e9tait destin\u00e9e au grand public. \u00c0 cette occasion, le Club de la Presse Val de Loire, l\u2019un des partenaires phares de cet \u00e9v\u00e9nement, a mod\u00e9r\u00e9 les interventions et anim\u00e9 la table ronde \u00ab La conscience de l\u2019intelligence artificielle \u00bb traitant plus sp\u00e9cifiquement des enjeux \u00e9thiques li\u00e9s \u00e0 l&#8217;IA.<\/p>\n<p style=\"font-weight: 400; text-align: left;\">L\u2019objectif \u00e9tait de concevoir des interventions abordables et adapt\u00e9es \u00e0 tous les publics avant d\u2019entamer une session de questions et de d\u00e9bats. La mod\u00e9ration du Club de la Presse a permis de favoriser l\u2019intervention du public en salle. Le partenariat a donc \u00e9t\u00e9 reconduit avec un franc succ\u00e8s, l\u2019\u00e9v\u00e9nement ayant attir\u00e9 430 scolaires et 130 personnes pour la soir\u00e9e.<\/p>\n<p>&nbsp;<\/p>\n<p><img decoding=\"async\" loading=\"lazy\" class=\"alignnone size-medium wp-image-920\" src=\"https:\/\/club-presse-valdeloire.fr\/wp-content\/uploads\/2023\/05\/UnivTours-Logo-horizontal-300x108.jpg\" alt=\"\" width=\"300\" height=\"108\" srcset=\"https:\/\/club-presse-valdeloire.fr\/wp-content\/uploads\/2023\/05\/UnivTours-Logo-horizontal-300x108.jpg 300w, https:\/\/club-presse-valdeloire.fr\/wp-content\/uploads\/2023\/05\/UnivTours-Logo-horizontal-1024x369.jpg 1024w, https:\/\/club-presse-valdeloire.fr\/wp-content\/uploads\/2023\/05\/UnivTours-Logo-horizontal-768x277.jpg 768w, https:\/\/club-presse-valdeloire.fr\/wp-content\/uploads\/2023\/05\/UnivTours-Logo-horizontal-1536x554.jpg 1536w, https:\/\/club-presse-valdeloire.fr\/wp-content\/uploads\/2023\/05\/UnivTours-Logo-horizontal-2048x738.jpg 2048w, https:\/\/club-presse-valdeloire.fr\/wp-content\/uploads\/2023\/05\/UnivTours-Logo-horizontal-1920x692.jpg 1920w\" sizes=\"(max-width: 300px) 100vw, 300px\" \/><\/p>\n","protected":false},"excerpt":{"rendered":"<p>Le 31 mars dernier s\u2019est tenue la troisi\u00e8me \u00e9dition de D\u00e9Tours des Sciences, abordant la th\u00e9matique de l\u2019intelligence artificielle, en s\u2019int\u00e9ressant notamment aux questions li\u00e9es \u00e0 la sant\u00e9 et \u00e0 l\u2019environnement. Apr\u00e8s une journ\u00e9e avec les scolaires, la soir\u00e9e \u00e9tait destin\u00e9e au grand public. \u00c0 cette occasion, le Club de la Presse Val de Loire,&hellip; <br \/> <a class=\"read-more\" href=\"https:\/\/club-presse-valdeloire.fr\/index.php\/2023\/05\/03\/detours-des-sciences-un-partenariat-renouvele-pour-la-3e-edition-avec-le-club-de-la-presse-val-de-loire\/\">Lire la suite<\/a><\/p>\n","protected":false},"author":2,"featured_media":932,"comment_status":"open","ping_status":"open","sticky":false,"template":"","format":"standard","meta":{"pmpro_default_level":0},"categories":[8,15],"tags":[],"_links":{"self":[{"href":"https:\/\/club-presse-valdeloire.fr\/index.php\/wp-json\/wp\/v2\/posts\/840"}],"collection":[{"href":"https:\/\/club-presse-valdeloire.fr\/index.php\/wp-json\/wp\/v2\/posts"}],"about":[{"href":"https:\/\/club-presse-valdeloire.fr\/index.php\/wp-json\/wp\/v2\/types\/post"}],"author":[{"embeddable":true,"href":"https:\/\/club-presse-valdeloire.fr\/index.php\/wp-json\/wp\/v2\/users\/2"}],"replies":[{"embeddable":true,"href":"https:\/\/club-presse-valdeloire.fr\/index.php\/wp-json\/wp\/v2\/comments?post=840"}],"version-history":[{"count":5,"href":"https:\/\/club-presse-valdeloire.fr\/index.php\/wp-json\/wp\/v2\/posts\/840\/revisions"}],"predecessor-version":[{"id":925,"href":"https:\/\/club-presse-valdeloire.fr\/index.php\/wp-json\/wp\/v2\/posts\/840\/revisions\/925"}],"wp:featuredmedia":[{"embeddable":true,"href":"https:\/\/club-presse-valdeloire.fr\/index.php\/wp-json\/wp\/v2\/media\/932"}],"wp:attachment":[{"href":"https:\/\/club-presse-valdeloire.fr\/index.php\/wp-json\/wp\/v2\/media?parent=840"}],"wp:term":[{"taxonomy":"category","embeddable":true,"href":"https:\/\/club-presse-valdeloire.fr\/index.php\/wp-json\/wp\/v2\/categories?post=840"},{"taxonomy":"post_tag","embeddable":true,"href":"https:\/\/club-presse-valdeloire.fr\/index.php\/wp-json\/wp\/v2\/tags?post=840"}],"curies":[{"name":"wp","href":"https:\/\/api.w.org\/{rel}","templated":true}]}}